[{"@context":"https:\/\/schema.org\/","@type":"Article","@id":"https:\/\/www.idzka.cz\/dejiny-mody-pred-sto-lety-az-dodnes\/#Article","mainEntityOfPage":"https:\/\/www.idzka.cz\/dejiny-mody-pred-sto-lety-az-dodnes\/","headline":"D\u011bjiny m\u00f3dy p\u0159ed sto lety a\u017e dodnes","name":"D\u011bjiny m\u00f3dy p\u0159ed sto lety a\u017e dodnes","description":"M\u00f3da m\u016f\u017ee b\u00fdt inspirativn\u00ed, ale i vra\u017eedn\u00e1. Obzvl\u00e1\u0161\u0165 ta dne\u0161n\u00ed. M\u00f3da se oproti dne\u0161n\u00ed velmi hodn\u011b a \u010dasto m\u011bnila. Zahalov\u00e1n\u00ed ka\u017ed\u00e9 \u010d\u00e1sti t\u011bla se posunulo a\u017e k dne\u0161n\u00ed m\u00f3d\u011b, kdy je odhaleno snad v\u0161e. Nicm\u00e9n\u011b se pomalu ale jist\u011b vrac\u00ed m\u00f3da, kter\u00e1 zde byla p\u0159ed 30 lety. Prvorepublikov\u00e1 m\u00f3da: P\u0159ed sto lety jste mohli vid\u011bt [&hellip;]","datePublished":"2022-05-02","dateModified":"2023-05-06","author":{"@type":"Person","@id":"https:\/\/www.idzka.cz\/author\/devene\/#Person","name":"devene","url":"https:\/\/www.idzka.cz\/author\/devene\/","identifier":1,"image":{"@type":"ImageObject","@id":"https:\/\/secure.gravatar.com\/avatar\/15c4177f6d86975c976af12ba80b10af7add2f97f8786f8cf1596253472c0ea7?s=96&d=mm&r=g","url":"https:\/\/secure.gravatar.com\/avatar\/15c4177f6d86975c976af12ba80b10af7add2f97f8786f8cf1596253472c0ea7?s=96&d=mm&r=g","height":96,"width":96}},"publisher":{"@type":"Organization","name":"idzka.cz","logo":{"@type":"ImageObject","@id":"\/logo.png","url":"\/logo.png","width":600,"height":60}},"image":{"@type":"ImageObject","@id":"https:\/\/www.idzka.cz\/wp-content\/uploads\/prvn%C3%AD%20republika.jpg","url":"https:\/\/www.idzka.cz\/wp-content\/uploads\/prvn%C3%AD%20republika.jpg","height":0,"width":0},"url":"https:\/\/www.idzka.cz\/dejiny-mody-pred-sto-lety-az-dodnes\/","about":["M\u00f3da\r"],"wordCount":426,"articleBody":"M\u00f3da m\u016f\u017ee b\u00fdt inspirativn\u00ed, ale i vra\u017eedn\u00e1. Obzvl\u00e1\u0161\u0165 ta dne\u0161n\u00ed. M\u00f3da se oproti dne\u0161n\u00ed velmi hodn\u011b a \u010dasto m\u011bnila. Zahalov\u00e1n\u00ed ka\u017ed\u00e9 \u010d\u00e1sti t\u011bla se posunulo a\u017e k dne\u0161n\u00ed m\u00f3d\u011b, kdy je odhaleno snad v\u0161e. Nicm\u00e9n\u011b se pomalu ale jist\u011b vrac\u00ed m\u00f3da, kter\u00e1 zde byla p\u0159ed 30 lety.Prvorepublikov\u00e1 m\u00f3da:P\u0159ed sto lety jste mohli vid\u011bt lidi v dnes komick\u00fdch kost\u00fdmech, kter\u00e9 byste si obl\u00e9kli maxim\u00e1ln\u011b na retro ples nebo na ma\u0161karn\u00ed. \u017deny se obl\u00e9kaly jako mu\u017ei, voln\u00e9 oble\u010den\u00ed nebylo v\u00fdjimkou. Dlouh\u00e9 kab\u00e1ty, sukn\u011b nebo kalhoty, dokonce i kravata u \u017een a nemohl chyb\u011bt baret nebo klobou\u010dek.\u00a0R\u00e1da se d\u00edv\u00e1m na filmy pro pam\u011btn\u00edky, kde je prvorepublikov\u00e1 m\u00f3da kr\u00e1sn\u011b vid\u011bt. I kdy\u017e byste se tak dnes neobl\u00e9kli, m\u00e1 to st\u00e1le sv\u00e9 kouzlo.50. l\u00e9ta:Neboli m\u00f3da na\u0161ich babi\u010dek zamlada. Zm\u011bnil se hlavn\u011b pas, kdy se kone\u010dn\u011b za\u010dal zv\u00fdraz\u0148ovat. Mnoho film\u016f bylo nato\u010deno pr\u00e1v\u011b s pouk\u00e1z\u00e1n\u00edm t\u00e9to doby a mysl\u00edm, \u017ee tahle m\u00f3da byla TOP a byla by velmi obl\u00edben\u00e1 i v dne\u0161n\u00ed dob\u011b. \u017deny vypadaly prost\u011b daleko v\u00edc \u017eensky.\u00a080. l\u00e9ta:Pro m\u011b st\u00e1le \u00fasm\u011bvn\u00e1 l\u00e9ta m\u00f3dy. Osobn\u011b jsem je\u0161t\u011b nebyla na sv\u011bt\u011b, ale dok\u00e1\u017eu si p\u0159edstavit ta\u0165ku jako Jon Bon Joviho s drsn\u00fdm h\u00e1rem, d\u017e\u00ednovou bundou a s riflemi vysoko nad pupkem\u00a0nebo mamku v upnut\u00fdch leg\u00edn\u00e1ch. \u010clov\u011bk si tak\u00e9 uv\u011bdom\u00ed, \u017ee pr\u00e1v\u011b tato m\u00f3da se u\u017e p\u00e1r let vrac\u00ed a da\u0159\u00ed se j\u00ed to. Ov\u0161em krom\u011b vlas\u016f.M\u00f3da 21. stolet\u00ed:Dne\u0161n\u00ed m\u00f3dou jsem tak trochu roz\u010darovan\u00e1. Na ulic\u00edch b\u011b\u017en\u011b vid\u00edm lidi, kte\u0159\u00ed jsou oble\u010deni podle m\u011b &#8222;norm\u00e1ln\u011b&#8220;, ale tak\u00e9 takov\u00e9, kte\u0159\u00ed se snad r\u00e1no nepod\u00edvali do zrcadla. Mu\u017ei si obl\u00e9kaj\u00ed sukn\u011b nebo p\u0159il\u00e9hav\u00e9 kalhoty \u010di leg\u00edny, u \u017een nepozn\u00e1te pohlav\u00ed d\u00edky \u00fa\u010desu a p\u00e1nsk\u00e9ho oble\u010den\u00ed. Takov\u00e1 je ale dne\u0161n\u00ed svoboda a je to n\u011bjak\u00fdm zp\u016fsobem i dob\u0159e. N\u011bkdo sleduje m\u00f3dn\u00ed trendy, n\u011bkdo ne. A j\u00e1 bych se \u010dasem nedivila, kdyby si n\u011bkdo jednoho dne obl\u00e9kl to, co se nosilo p\u0159ed 100 lety.\u00a0                                                                                                                                                                                                                                                                                                                                                                                        4.3\/5 - (12 votes)        "},{"@context":"https:\/\/schema.org\/","@type":"BreadcrumbList","itemListElement":[{"@type":"ListItem","position":1,"name":"D\u011bjiny m\u00f3dy p\u0159ed sto lety a\u017e dodnes","item":"https:\/\/www.idzka.cz\/dejiny-mody-pred-sto-lety-az-dodnes\/#breadcrumbitem"}]}]