[{"@context":"https:\/\/schema.org\/","@type":"Article","@id":"https:\/\/www.idzka.cz\/kam-s-tim-vsim\/#Article","mainEntityOfPage":"https:\/\/www.idzka.cz\/kam-s-tim-vsim\/","headline":"Kam s t\u00edm v\u0161\u00edm?","name":"Kam s t\u00edm v\u0161\u00edm?","description":"Nov\u00fd byt je prostorn\u00fd, p\u011bkn\u011b vybaven\u00fd, modern\u00ed a slunn\u00fd, av\u0161ak velmi zapln\u011bn\u00fd neforemn\u00fdmi krabicemi se v\u0161\u00edm mo\u017en\u00fdm. Nevybalen\u00fdm oble\u010den\u00edm, dom\u00e1c\u00edmi pot\u0159ebami a n\u00e1dob\u00edm, a tak d\u00e1le. Pt\u00e1te se, kam s t\u00edm v\u0161\u00edm? Co \u0159\u00edk\u00e1te sk\u0159\u00edn\u00edm &#8211; nov\u00e9mu fenom\u00e9nupro v\u00e1\u0161 byt? Obra\u0165te list a za\u0159izujte chv\u00edli zcela prakticky a bez obav. S odborn\u00edky, na slovo vzat\u00fdmi, [&hellip;]","datePublished":"2025-03-07","dateModified":"2025-03-07","author":{"@type":"Person","@id":"https:\/\/www.idzka.cz\/author\/devene\/#Person","name":"devene","url":"https:\/\/www.idzka.cz\/author\/devene\/","identifier":1,"image":{"@type":"ImageObject","@id":"https:\/\/secure.gravatar.com\/avatar\/15c4177f6d86975c976af12ba80b10af7add2f97f8786f8cf1596253472c0ea7?s=96&d=mm&r=g","url":"https:\/\/secure.gravatar.com\/avatar\/15c4177f6d86975c976af12ba80b10af7add2f97f8786f8cf1596253472c0ea7?s=96&d=mm&r=g","height":96,"width":96}},"publisher":{"@type":"Organization","name":"idzka.cz","logo":{"@type":"ImageObject","@id":"\/logo.png","url":"\/logo.png","width":600,"height":60}},"url":"https:\/\/www.idzka.cz\/kam-s-tim-vsim\/","wordCount":180,"articleBody":"Nov\u00fd byt je prostorn\u00fd, p\u011bkn\u011b vybaven\u00fd, modern\u00ed a slunn\u00fd, av\u0161ak velmi zapln\u011bn\u00fd neforemn\u00fdmi krabicemi se v\u0161\u00edm mo\u017en\u00fdm. Nevybalen\u00fdm oble\u010den\u00edm, dom\u00e1c\u00edmi pot\u0159ebami a n\u00e1dob\u00edm, a tak d\u00e1le. Pt\u00e1te se, kam s t\u00edm v\u0161\u00edm? Co \u0159\u00edk\u00e1te sk\u0159\u00edn\u00edm &#8211; nov\u00e9mu fenom\u00e9nupro v\u00e1\u0161 byt? Obra\u0165te list a za\u0159izujte chv\u00edli zcela prakticky a bez obav. S odborn\u00edky, na slovo vzat\u00fdmi, dola\u010fujte detaily. Bytov\u00fd design Vy nev\u00edte, \u017ee nemus\u00edte b\u00fdt na v\u0161echno s\u00e1m? \u017de se m\u016f\u017eete obr\u00e1tit na odborn\u00edky z designov\u00e9ho studia a dozv\u011bd\u011bt se tak v\u00edce o bydlen\u00ed, interi\u00e9rech, za\u0159izov\u00e1n\u00ed, o n\u00e1bytku? Sch\u016fzku s profesion\u00e1ln\u00edmi poradci si domluvte v\u010das, nic j\u00ed nepokaz\u00edte. A va\u0161e super nov\u00e9 sk\u0159\u00edn\u011b, vybran\u00e9 p\u0159esn\u011b podle va\u0161ich p\u0159edstav a na m\u00edru jist\u011b spln\u00ed va\u0161e vysok\u00e9 n\u00e1roky, po\u017eadavky a p\u0159edstavy.                                                                                                                                                                                                                                                                                                                                                                                        5\/5 - (2 votes)        "},{"@context":"https:\/\/schema.org\/","@type":"BreadcrumbList","itemListElement":[{"@type":"ListItem","position":1,"name":"Kam s t\u00edm v\u0161\u00edm?","item":"https:\/\/www.idzka.cz\/kam-s-tim-vsim\/#breadcrumbitem"}]}]