{"@context":"https:\/\/schema.org\/","@type":"CollectionPage","@id":"https:\/\/www.idzka.cz\/moda\/#CollectionPage","headline":"M\u00f3da\r Category","description":"","url":"https:\/\/www.idzka.cz\/moda\/","hasPart":[{"@type":"Article","@id":"https:\/\/www.idzka.cz\/teplaky\/","headline":"Tepl\u00e1ky","url":"https:\/\/www.idzka.cz\/teplaky\/","datePublished":"2024-04-28","dateModified":"2024-04-28","mainEntityOfPage":"https:\/\/www.idzka.cz\/teplaky\/","author":{"@type":"Person","@id":"https:\/\/www.idzka.cz\/author\/devene\/#Person","name":"devene","url":"https:\/\/www.idzka.cz\/author\/devene\/","identifier":1,"image":{"@type":"ImageObject","@id":"https:\/\/secure.gravatar.com\/avatar\/15c4177f6d86975c976af12ba80b10af7add2f97f8786f8cf1596253472c0ea7?s=96&d=mm&r=g","url":"https:\/\/secure.gravatar.com\/avatar\/15c4177f6d86975c976af12ba80b10af7add2f97f8786f8cf1596253472c0ea7?s=96&d=mm&r=g","height":96,"width":96}},"publisher":{"@type":"Organization","name":"idzka.cz","logo":{"@type":"ImageObject","@id":"\/logo.png","url":"\/logo.png","width":600,"height":60}},"image":{"@type":"ImageObject","@id":"https:\/\/www.idzka.cz\/wp-content\/uploads\/girl-2581913_1280_5.jpg","url":"https:\/\/www.idzka.cz\/wp-content\/uploads\/girl-2581913_1280_5.jpg","height":0,"width":0},"keywords":null},{"@type":"Article","@id":"https:\/\/www.idzka.cz\/ta-prava-sukne-pro-kazdy-den\/","headline":"Ta prav\u00e1 sukn\u011b pro ka\u017ed\u00fd den","url":"https:\/\/www.idzka.cz\/ta-prava-sukne-pro-kazdy-den\/","datePublished":"2023-05-06","dateModified":"2024-07-04","mainEntityOfPage":"https:\/\/www.idzka.cz\/ta-prava-sukne-pro-kazdy-den\/","author":{"@type":"Person","@id":"https:\/\/www.idzka.cz\/author\/devene\/#Person","name":"devene","url":"https:\/\/www.idzka.cz\/author\/devene\/","identifier":1,"image":{"@type":"ImageObject","@id":"https:\/\/secure.gravatar.com\/avatar\/15c4177f6d86975c976af12ba80b10af7add2f97f8786f8cf1596253472c0ea7?s=96&d=mm&r=g","url":"https:\/\/secure.gravatar.com\/avatar\/15c4177f6d86975c976af12ba80b10af7add2f97f8786f8cf1596253472c0ea7?s=96&d=mm&r=g","height":96,"width":96}},"publisher":{"@type":"Organization","name":"idzka.cz","logo":{"@type":"ImageObject","@id":"\/logo.png","url":"\/logo.png","width":600,"height":60}},"image":{"@type":"ImageObject","@id":"https:\/\/www.idzka.cz\/wp-content\/uploads\/img_a341829_w2627_t1554719656.jpg","url":"https:\/\/www.idzka.cz\/wp-content\/uploads\/img_a341829_w2627_t1554719656.jpg","height":0,"width":0},"keywords":null},{"@type":"Article","@id":"https:\/\/www.idzka.cz\/moda-po-vojensku\/","headline":"M\u00f3da po vojensku","url":"https:\/\/www.idzka.cz\/moda-po-vojensku\/","datePublished":"2023-05-06","dateModified":"2023-05-06","mainEntityOfPage":"https:\/\/www.idzka.cz\/moda-po-vojensku\/","author":{"@type":"Person","@id":"https:\/\/www.idzka.cz\/author\/devene\/#Person","name":"devene","url":"https:\/\/www.idzka.cz\/author\/devene\/","identifier":1,"image":{"@type":"ImageObject","@id":"https:\/\/secure.gravatar.com\/avatar\/15c4177f6d86975c976af12ba80b10af7add2f97f8786f8cf1596253472c0ea7?s=96&d=mm&r=g","url":"https:\/\/secure.gravatar.com\/avatar\/15c4177f6d86975c976af12ba80b10af7add2f97f8786f8cf1596253472c0ea7?s=96&d=mm&r=g","height":96,"width":96}},"publisher":{"@type":"Organization","name":"idzka.cz","logo":{"@type":"ImageObject","@id":"\/logo.png","url":"\/logo.png","width":600,"height":60}},"image":{"@type":"ImageObject","@id":"https:\/\/www.idzka.cz\/wp-content\/uploads\/img_a328232_w2627_t1540587443.jpg","url":"https:\/\/www.idzka.cz\/wp-content\/uploads\/img_a328232_w2627_t1540587443.jpg","height":0,"width":0},"keywords":null},{"@type":"Article","@id":"https:\/\/www.idzka.cz\/dejiny-mody-pred-sto-lety-az-dodnes\/","headline":"D\u011bjiny m\u00f3dy p\u0159ed sto lety a\u017e dodnes","url":"https:\/\/www.idzka.cz\/dejiny-mody-pred-sto-lety-az-dodnes\/","datePublished":"2022-05-02","dateModified":"2023-05-06","mainEntityOfPage":"https:\/\/www.idzka.cz\/dejiny-mody-pred-sto-lety-az-dodnes\/","author":{"@type":"Person","@id":"https:\/\/www.idzka.cz\/author\/devene\/#Person","name":"devene","url":"https:\/\/www.idzka.cz\/author\/devene\/","identifier":1,"image":{"@type":"ImageObject","@id":"https:\/\/secure.gravatar.com\/avatar\/15c4177f6d86975c976af12ba80b10af7add2f97f8786f8cf1596253472c0ea7?s=96&d=mm&r=g","url":"https:\/\/secure.gravatar.com\/avatar\/15c4177f6d86975c976af12ba80b10af7add2f97f8786f8cf1596253472c0ea7?s=96&d=mm&r=g","height":96,"width":96}},"publisher":{"@type":"Organization","name":"idzka.cz","logo":{"@type":"ImageObject","@id":"\/logo.png","url":"\/logo.png","width":600,"height":60}},"image":{"@type":"ImageObject","@id":"https:\/\/www.idzka.cz\/wp-content\/uploads\/prvn%C3%AD%20republika.jpg","url":"https:\/\/www.idzka.cz\/wp-content\/uploads\/prvn%C3%AD%20republika.jpg","height":0,"width":0},"keywords":null}]}