[{"@context":"https:\/\/schema.org\/","@type":"Article","@id":"https:\/\/www.idzka.cz\/otazka-kdy-do-duchodu-je-pro-nas-denni-chleba\/#Article","mainEntityOfPage":"https:\/\/www.idzka.cz\/otazka-kdy-do-duchodu-je-pro-nas-denni-chleba\/","headline":"Ot\u00e1zka kdy do d\u016fchodu je pro n\u00e1s denn\u00ed chleba","name":"Ot\u00e1zka kdy do d\u016fchodu je pro n\u00e1s denn\u00ed chleba","description":"M\u00e1te na to v\u011bk a pr\u00e1ce v\u00e1m ji\u017e za\u010d\u00edn\u00e1 d\u011blat obt\u00ed\u017e? M\u00e1te u\u017e pocit, \u017ee je u\u017e na\u010dase rozhodnout se kdy do d\u016fchodu? Pokud ji\u017e v\u00e1\u017en\u011b chcete \u0159e\u0161it tuto ot\u00e1zku, obra\u0165te se na n\u00e1s! D\u016fchod je \u010d\u00e1st \u017eivota ka\u017ed\u00e9ho \u010dlov\u011bka, kter\u00e1 m\u00e1 b\u00fdt jako odpo\u010dinek po celo\u017eivotn\u00ed pr\u00e1ci. P\u0159enechejte to proto rad\u011bji expert\u016fm, kte\u0159\u00ed v\u00e1m [&hellip;]","datePublished":"2024-11-10","dateModified":"2024-11-10","author":{"@type":"Person","@id":"https:\/\/www.idzka.cz\/author\/devene\/#Person","name":"devene","url":"https:\/\/www.idzka.cz\/author\/devene\/","identifier":1,"image":{"@type":"ImageObject","@id":"https:\/\/secure.gravatar.com\/avatar\/15c4177f6d86975c976af12ba80b10af7add2f97f8786f8cf1596253472c0ea7?s=96&d=mm&r=g","url":"https:\/\/secure.gravatar.com\/avatar\/15c4177f6d86975c976af12ba80b10af7add2f97f8786f8cf1596253472c0ea7?s=96&d=mm&r=g","height":96,"width":96}},"publisher":{"@type":"Organization","name":"idzka.cz","logo":{"@type":"ImageObject","@id":"\/logo.png","url":"\/logo.png","width":600,"height":60}},"url":"https:\/\/www.idzka.cz\/otazka-kdy-do-duchodu-je-pro-nas-denni-chleba\/","wordCount":203,"articleBody":"M\u00e1te na to v\u011bk a pr\u00e1ce v\u00e1m ji\u017e za\u010d\u00edn\u00e1 d\u011blat obt\u00ed\u017e? M\u00e1te u\u017e pocit, \u017ee je u\u017e na\u010dase rozhodnout se kdy do d\u016fchodu? Pokud ji\u017e v\u00e1\u017en\u011b chcete \u0159e\u0161it tuto ot\u00e1zku, obra\u0165te se na n\u00e1s! D\u016fchod je \u010d\u00e1st \u017eivota ka\u017ed\u00e9ho \u010dlov\u011bka, kter\u00e1 m\u00e1 b\u00fdt jako odpo\u010dinek po celo\u017eivotn\u00ed pr\u00e1ci. P\u0159enechejte to proto rad\u011bji expert\u016fm, kte\u0159\u00ed v\u00e1m za\u0159\u00edd\u00ed co nejkvalitn\u011bj\u0161\u00ed d\u016fchod. Vy\u0159\u00edd\u00edme za v\u00e1s v\u0161e, co se t\u00fd\u010de d\u016fchodu. Od ot\u00e1zky kdy do d\u016fchodu, a\u017e t\u0159eba po v\u00fd\u0161i d\u016fchodu. Nemus\u00edte se b\u00e1t \u017ee bychom n\u011bco pokazili, v oboru m\u00e1me dlouholetou praxi, a zanechali jsme za sebou \u0159adu spokojen\u00fdch klient\u016f. Kdy do d\u016fchodu pro v\u00e1s ji\u017e nebude starost, kterou byste m\u011bli \u0159e\u0161it.\tJsme tu pro v\u00e1sObra\u0165te se na n\u00e1s, a nechte vy\u0159e\u0161it ot\u00e1zku d\u016fchodov\u00e1 kalkula\u010dka, \u010d\u00edm d\u0159\u00edv, t\u00edm l\u00edp. \u0158i\u010fte se t\u00edmto heslem, a proto n\u00e1s zkontaktujte co nejd\u0159\u00edve!                                                                                                                                                                                                                                                                                                                                                                                         5\/5 - (3 votes)        "},{"@context":"https:\/\/schema.org\/","@type":"BreadcrumbList","itemListElement":[{"@type":"ListItem","position":1,"name":"Ot\u00e1zka kdy do d\u016fchodu je pro n\u00e1s denn\u00ed chleba","item":"https:\/\/www.idzka.cz\/otazka-kdy-do-duchodu-je-pro-nas-denni-chleba\/#breadcrumbitem"}]}]